{"id":988,"date":"2019-03-19T08:38:04","date_gmt":"2019-03-19T07:38:04","guid":{"rendered":"http:\/\/adeleverlinden.fr\/?p=988"},"modified":"2021-03-19T15:15:14","modified_gmt":"2021-03-19T14:15:14","slug":"lechappee","status":"publish","type":"post","link":"http:\/\/adeleverlinden.fr\/index.php\/2019\/03\/19\/lechappee\/","title":{"rendered":"L&rsquo;\u00e9chapp\u00e9e"},"content":{"rendered":"<div class=\"petitesinfos\">\n<span style=\"font-size:10px; font-style:none; font-weight:bold;\">Parution<\/span> mars&nbsp;2019<br \/>\n<span style=\"font-size:10px; font-style:none; font-weight:bold;\">\u00c9ditions<\/span> Le Trainailleur<br \/>\n<span style=\"font-size:10px; font-style:none; font-weight:bold;\">Impression int\u00e9rieure<\/span> Offset&nbsp;: CMJN<br \/>\n<span style=\"font-size:10px; font-style:none; font-weight:bold;\">Impression de la couverture<\/span> Linogravure &#038;&nbsp;photopolym\u00e8re<br \/>\n<span style=\"font-size:10px; font-style:none; font-weight:bold;\">Format pli\u00e9<\/span> 19,5 x 14,5&nbsp;cm<br \/>\n<span style=\"font-size:10px; font-style:none; font-weight:bold;\">Format d\u00e9pli\u00e9<\/span> 55 x 38,5&nbsp;cm<br \/>\n<span style=\"font-size:10px; font-style:none; font-weight:bold;\">Pagination<\/span> 78&nbsp;pages et un poster\n<\/div>\n<div class=\"articleprincipal\" style=\"margin-top:0px;padding-bottom:20px;\">\n<p>Ce livre-affiche nous fait suivre un personnage f\u00e9lin, d\u00e9cid\u00e9 \u00e0 s\u2019\u00e9vader. Chemin faisant, il laisse ses habits et emprunte un passage vers le pays de cocagne,<br \/>\nqui se d\u00e9ploie en une image g\u00e9ante. Pour son deuxi\u00e8me livre, Ad\u00e8le Verlinden nous emm\u00e8ne \u00e0 pas de chat \u00e0 travers ses images chamarr\u00e9es. Au lecteur le loisir d\u2019en trouver la cl\u00e9 : invitation au voyage, retour \u00e0 la nature, vision onirique, douce r\u00eaverie ?<br \/>\nCe livre muet s\u2019adresse aux enfants d\u00e8s 3 ans, ainsi qu\u2019\u00e0 celles et ceux qui aiment r\u00eaver les yeux ouverts. Sa couverture, imprim\u00e9e en typographie et linogravure, ravira les amoureux de l\u2019estampe.<\/p>\n<p><a href=\"http:\/\/trainailleur.fr\/lechappee\/\" target=\"_blanck\" rel=\"noopener noreferrer\">Retrouvez <em>L&rsquo;\u00e9chapp\u00e9e<\/em> sur le site des \u00e9ditions du Trainailleur<\/a>\n<\/div>\n","protected":false},"excerpt":{"rendered":"<p>Parution mars&nbsp;2019 \u00c9ditions Le Trainailleur Impression int\u00e9rieure Offset&nbsp;: CMJN Impression de la couverture Linogravure &#038;&nbsp;photopolym\u00e8re Format pli\u00e9 19,5 x 14,5&nbsp;cm Format d\u00e9pli\u00e9 55 x 38,5&nbsp;cm Pagination 78&nbsp;pages et un poster Ce livre-affiche nous fait suivre un personnage f\u00e9lin, d\u00e9cid\u00e9 \u00e0 s\u2019\u00e9vader. Chemin faisant, il laisse ses habits et emprunte un passage vers le pays de cocagne, qui se d\u00e9ploie en une image g\u00e9ante. Pour son deuxi\u00e8me livre, Ad\u00e8le Verlinden nous emm\u00e8ne \u00e0 pas de chat \u00e0 travers ses images chamarr\u00e9es. Au lecteur le loisir d\u2019en trouver la cl\u00e9 : invitation au voyage, retour \u00e0 la nature, vision onirique, douce r\u00eaverie ? Ce livre muet s\u2019adresse aux enfants d\u00e8s 3 ans, ainsi qu\u2019\u00e0 celles et ceux qui aiment r\u00eaver les yeux ouverts. Sa couverture, imprim\u00e9e en typographie et linogravure, ravira les amoureux de l\u2019estampe. Retrouvez L&rsquo;\u00e9chapp\u00e9e sur le site des \u00e9ditions du Trainailleur<\/p>\n","protected":false},"author":1,"featured_media":990,"comment_status":"closed","ping_status":"closed","sticky":false,"template":"","format":"standard","meta":[],"categories":[4],"tags":[],"_links":{"self":[{"href":"http:\/\/adeleverlinden.fr\/index.php\/wp-json\/wp\/v2\/posts\/988"}],"collection":[{"href":"http:\/\/adeleverlinden.fr\/index.php\/wp-json\/wp\/v2\/posts"}],"about":[{"href":"http:\/\/adeleverlinden.fr\/index.php\/wp-json\/wp\/v2\/types\/post"}],"author":[{"embeddable":true,"href":"http:\/\/adeleverlinden.fr\/index.php\/wp-json\/wp\/v2\/users\/1"}],"replies":[{"embeddable":true,"href":"http:\/\/adeleverlinden.fr\/index.php\/wp-json\/wp\/v2\/comments?post=988"}],"version-history":[{"count":9,"href":"http:\/\/adeleverlinden.fr\/index.php\/wp-json\/wp\/v2\/posts\/988\/revisions"}],"predecessor-version":[{"id":1111,"href":"http:\/\/adeleverlinden.fr\/index.php\/wp-json\/wp\/v2\/posts\/988\/revisions\/1111"}],"wp:featuredmedia":[{"embeddable":true,"href":"http:\/\/adeleverlinden.fr\/index.php\/wp-json\/wp\/v2\/media\/990"}],"wp:attachment":[{"href":"http:\/\/adeleverlinden.fr\/index.php\/wp-json\/wp\/v2\/media?parent=988"}],"wp:term":[{"taxonomy":"category","embeddable":true,"href":"http:\/\/adeleverlinden.fr\/index.php\/wp-json\/wp\/v2\/categories?post=988"},{"taxonomy":"post_tag","embeddable":true,"href":"http:\/\/adeleverlinden.fr\/index.php\/wp-json\/wp\/v2\/tags?post=988"}],"curies":[{"name":"wp","href":"https:\/\/api.w.org\/{rel}","templated":true}]}}