{"id":885,"date":"2020-09-18T19:23:48","date_gmt":"2020-09-18T17:23:48","guid":{"rendered":"http:\/\/adeleverlinden.fr\/?p=885"},"modified":"2021-03-19T12:47:07","modified_gmt":"2021-03-19T11:47:07","slug":"atelier-coton","status":"publish","type":"post","link":"http:\/\/adeleverlinden.fr\/index.php\/2020\/09\/18\/atelier-coton\/","title":{"rendered":"Atelier Coton"},"content":{"rendered":"<div class=\"petitesinfos\">\n\t<span style=\"font-size:10px; font-style:none; font-weight:bold;\">Fabricant<\/span> Atelier&nbsp;Coton<br \/>\n\t<span style=\"font-size:10px; font-style:none; font-weight:bold;\">Impression<\/span> S\u00e9rigraphie&nbsp;4&nbsp;couleurs<br \/>\n\t<span style=\"font-size:10px; font-style:none; font-weight:bold;\">Format<\/span> 38&#215;42&nbsp;cm<\/p>\n<\/div>\n<div class=\"articleprincipal\" style=\"margin-top:0px;padding-bottom:20px;\">\nTotebag s\u00e9rigraphi\u00e9 en quatre couleurs par la fine \u00e9quipe de l&rsquo;Atelier Coton \u00e0 Lyon. Coton 100% bio\u00a0! Chic\u00a0!<\/p>\n<p><a href=\"https:\/\/ateliercoton.com\/produit\/adele-verlinden\/\" target=\"_blanck\" rel=\"noopener noreferrer\">Pour commander ce totebag sur le site de&nbsp;l&rsquo;Atelier Coton, c&rsquo;est par ici !<\/a><\/p>\n<\/div>\n","protected":false},"excerpt":{"rendered":"<p>Fabricant Atelier&nbsp;Coton Impression S\u00e9rigraphie&nbsp;4&nbsp;couleurs Format 38&#215;42&nbsp;cm Totebag s\u00e9rigraphi\u00e9 en quatre couleurs par la fine \u00e9quipe de l&rsquo;Atelier Coton \u00e0 Lyon. Coton 100% bio\u00a0! Chic\u00a0! Pour commander ce totebag sur le site de&nbsp;l&rsquo;Atelier Coton, c&rsquo;est par ici !<\/p>\n","protected":false},"author":1,"featured_media":889,"comment_status":"closed","ping_status":"closed","sticky":false,"template":"","format":"standard","meta":[],"categories":[7],"tags":[],"_links":{"self":[{"href":"http:\/\/adeleverlinden.fr\/index.php\/wp-json\/wp\/v2\/posts\/885"}],"collection":[{"href":"http:\/\/adeleverlinden.fr\/index.php\/wp-json\/wp\/v2\/posts"}],"about":[{"href":"http:\/\/adeleverlinden.fr\/index.php\/wp-json\/wp\/v2\/types\/post"}],"author":[{"embeddable":true,"href":"http:\/\/adeleverlinden.fr\/index.php\/wp-json\/wp\/v2\/users\/1"}],"replies":[{"embeddable":true,"href":"http:\/\/adeleverlinden.fr\/index.php\/wp-json\/wp\/v2\/comments?post=885"}],"version-history":[{"count":4,"href":"http:\/\/adeleverlinden.fr\/index.php\/wp-json\/wp\/v2\/posts\/885\/revisions"}],"predecessor-version":[{"id":1101,"href":"http:\/\/adeleverlinden.fr\/index.php\/wp-json\/wp\/v2\/posts\/885\/revisions\/1101"}],"wp:featuredmedia":[{"embeddable":true,"href":"http:\/\/adeleverlinden.fr\/index.php\/wp-json\/wp\/v2\/media\/889"}],"wp:attachment":[{"href":"http:\/\/adeleverlinden.fr\/index.php\/wp-json\/wp\/v2\/media?parent=885"}],"wp:term":[{"taxonomy":"category","embeddable":true,"href":"http:\/\/adeleverlinden.fr\/index.php\/wp-json\/wp\/v2\/categories?post=885"},{"taxonomy":"post_tag","embeddable":true,"href":"http:\/\/adeleverlinden.fr\/index.php\/wp-json\/wp\/v2\/tags?post=885"}],"curies":[{"name":"wp","href":"https:\/\/api.w.org\/{rel}","templated":true}]}}