{"id":874,"date":"2020-02-18T19:02:40","date_gmt":"2020-02-18T18:02:40","guid":{"rendered":"http:\/\/adeleverlinden.fr\/?p=874"},"modified":"2023-06-07T15:53:55","modified_gmt":"2023-06-07T13:53:55","slug":"biscoto-banquet-sur-la-banquise","status":"publish","type":"post","link":"http:\/\/adeleverlinden.fr\/index.php\/2020\/02\/18\/biscoto-banquet-sur-la-banquise\/","title":{"rendered":"Biscoto&nbsp;&#8211;&nbsp;Banquet sur&nbsp;la&nbsp;banquise"},"content":{"rendered":"<div class=\"petitesinfos\">\n\t<span style=\"font-size:10px; font-style:none; font-weight:bold;\">Parution<\/span> f\u00e9vrier&nbsp;2020<br \/>\n\t<span style=\"font-size:10px; font-style:none; font-weight:bold;\">Journal<\/span> Biscoto<br \/>\n\t<span style=\"font-size:10px; font-style:none; font-weight:bold;\">Impression<\/span> Offset&nbsp;: CMJN<br \/>\n\t<span style=\"font-size:10px; font-style:none; font-weight:bold;\">Format<\/span> 27&#215;35,5&nbsp;cm<br \/>\n\t<span style=\"font-size:10px; font-style:none; font-weight:bold;\">Pagination<\/span> 20&nbsp;pages\n<\/div>\n<div class=\"articleprincipal\" style=\"margin-top:0px;padding-bottom:20px;\">\nCouverture du journal Biscoto num\u00e9ro 79<br \/>\n\u00ab\u00a0Banquet sur la banquise\u00a0\u00bb.<br \/>\nMerci Catherine et Julie Staebler&nbsp;!<\/p>\n<p><span style=\"font-weight:bold;\">Un petit r\u00e9sum\u00e9\u00a0:<\/span><br \/>\nDans les bureaux de Biscoto, on termine le num\u00e9ro que tu es en train de lire.<br \/>\n\u2013 Banquet sur la banquise\u2026 Voil\u00e0 un th\u00e8me qui a donn\u00e9 du fil \u00e0 retordre aux auteurs et autrices qui ont particip\u00e9 \u00e0 ce num\u00e9ro\u2009!<br \/>\n\u2013 C\u2019est vrai que le mot banquet fait penser \u00e0 un moment joyeux, avec plein de choses incroyables \u00e0 manger\u2009!<br \/>\n\u2013 Alors que sur la banquise, ce d\u00e9sert de glace et de neige, on ne doit pas trouver grand-chose \u00e0 se mettre sous la dent.<br \/>\n\u2013 Et puis avec le r\u00e9chauffement climatique, la banquise dispara\u00eet,<br \/>\net ce qui y vit aussi\u2026<br \/>\n\u2013 Et \u00e7a, ce n\u2019est pas joyeux du tout.<br \/>\n\u2013 C\u2019est ce qu\u2019on voulait pour ce num\u00e9ro\u2009: permettre \u00e0 chacun et chacune de parler de banquise \u00e0 sa mani\u00e8re. Certaines rubriques en parlent avec humour, et d\u2019autres de fa\u00e7on tr\u00e8s s\u00e9rieuse.<br \/>\n\u2013 D\u2019ailleurs certaines font rire tout en parlant de ce qui, au fond, n\u2019est pas dr\u00f4le du tout. Et \u00e7a c\u2019est incroyable.<br \/>\n\u2013 Il y en a aussi qui nous font voyager et d\u00e9couvrir de nouvelles choses\u2026<br \/>\n\u2013 Et d\u2019autres qui sont rassurantes car on y retrouve les h\u00e9ro\u00efnes et les h\u00e9ros qu\u2019on aime.<br \/>\n\u2013 Oui, tout le monde ne r\u00e9fl\u00e9chit pas de la m\u00eame mani\u00e8re, et c\u2019est pareil pour les auteurs et les autrices dans Biscoto.<br \/>\n\u2013 Finalement, c\u2019est ce num\u00e9ro de Biscoto qui est comme un banquet\u2009:<br \/>\nil y a beaucoup de choses d\u00e9licieuses et tr\u00e8s diverses \u00e0 d\u00e9guster pour passer un bon moment&nbsp;!<\/p>\n<p><a href=\"https:\/\/biscotojournal.com\/article\/n79-%e2%80%a2-banquet-sur-la-banquise\/\" target=\"_blanck\" rel=\"noopener noreferrer\">Pour commander ce num\u00e9ro du journal sur le site de&nbsp;Biscoto, c&rsquo;est par ici !<\/a><\/p>\n<\/div>\n","protected":false},"excerpt":{"rendered":"<p>Parution f\u00e9vrier&nbsp;2020 Journal Biscoto Impression Offset&nbsp;: CMJN Format 27&#215;35,5&nbsp;cm Pagination 20&nbsp;pages Couverture du journal Biscoto num\u00e9ro 79 \u00ab\u00a0Banquet sur la banquise\u00a0\u00bb. Merci Catherine et Julie Staebler&nbsp;! Un petit r\u00e9sum\u00e9\u00a0: Dans les bureaux de Biscoto, on termine le num\u00e9ro que tu es en train de lire. \u2013 Banquet sur la banquise\u2026 Voil\u00e0 un th\u00e8me qui a donn\u00e9 du fil \u00e0 retordre aux auteurs et autrices qui ont particip\u00e9 \u00e0 ce num\u00e9ro\u2009! \u2013 C\u2019est vrai que le mot banquet fait penser \u00e0 un moment joyeux, avec plein de choses incroyables \u00e0 manger\u2009! \u2013 Alors que sur la banquise, ce d\u00e9sert de glace et de neige, on ne doit pas trouver grand-chose \u00e0 se mettre sous la dent. \u2013 Et puis avec le r\u00e9chauffement climatique, la banquise dispara\u00eet, et ce qui y vit aussi\u2026 \u2013 Et \u00e7a, ce n\u2019est pas joyeux du tout. \u2013 C\u2019est ce qu\u2019on voulait pour ce num\u00e9ro\u2009: permettre \u00e0 chacun et chacune de parler de banquise \u00e0 sa mani\u00e8re. Certaines rubriques en parlent avec humour, et d\u2019autres de fa\u00e7on tr\u00e8s s\u00e9rieuse. \u2013 D\u2019ailleurs certaines font rire tout en parlant de ce qui, au fond, n\u2019est pas dr\u00f4le du tout. Et \u00e7a c\u2019est incroyable. \u2013 Il y en a aussi [&hellip;]<\/p>\n","protected":false},"author":1,"featured_media":876,"comment_status":"closed","ping_status":"closed","sticky":false,"template":"","format":"standard","meta":[],"categories":[6],"tags":[],"_links":{"self":[{"href":"http:\/\/adeleverlinden.fr\/index.php\/wp-json\/wp\/v2\/posts\/874"}],"collection":[{"href":"http:\/\/adeleverlinden.fr\/index.php\/wp-json\/wp\/v2\/posts"}],"about":[{"href":"http:\/\/adeleverlinden.fr\/index.php\/wp-json\/wp\/v2\/types\/post"}],"author":[{"embeddable":true,"href":"http:\/\/adeleverlinden.fr\/index.php\/wp-json\/wp\/v2\/users\/1"}],"replies":[{"embeddable":true,"href":"http:\/\/adeleverlinden.fr\/index.php\/wp-json\/wp\/v2\/comments?post=874"}],"version-history":[{"count":6,"href":"http:\/\/adeleverlinden.fr\/index.php\/wp-json\/wp\/v2\/posts\/874\/revisions"}],"predecessor-version":[{"id":1260,"href":"http:\/\/adeleverlinden.fr\/index.php\/wp-json\/wp\/v2\/posts\/874\/revisions\/1260"}],"wp:featuredmedia":[{"embeddable":true,"href":"http:\/\/adeleverlinden.fr\/index.php\/wp-json\/wp\/v2\/media\/876"}],"wp:attachment":[{"href":"http:\/\/adeleverlinden.fr\/index.php\/wp-json\/wp\/v2\/media?parent=874"}],"wp:term":[{"taxonomy":"category","embeddable":true,"href":"http:\/\/adeleverlinden.fr\/index.php\/wp-json\/wp\/v2\/categories?post=874"},{"taxonomy":"post_tag","embeddable":true,"href":"http:\/\/adeleverlinden.fr\/index.php\/wp-json\/wp\/v2\/tags?post=874"}],"curies":[{"name":"wp","href":"https:\/\/api.w.org\/{rel}","templated":true}]}}