{"id":837,"date":"2019-10-18T16:02:00","date_gmt":"2019-10-18T14:02:00","guid":{"rendered":"http:\/\/adeleverlinden.fr\/?p=837"},"modified":"2023-06-07T15:54:03","modified_gmt":"2023-06-07T13:54:03","slug":"biscoto-journal-fantomes","status":"publish","type":"post","link":"http:\/\/adeleverlinden.fr\/index.php\/2019\/10\/18\/biscoto-journal-fantomes\/","title":{"rendered":"Biscoto&nbsp;&#8211; Les&nbsp;Fant\u00f4mes"},"content":{"rendered":"<div class=\"petitesinfos\">\n\t<span style=\"font-size:10px; font-style:none; font-weight:bold;\">Parution<\/span> octobre&nbsp;2019<br \/>\n\t<span style=\"font-size:10px; font-style:none; font-weight:bold;\">Journal<\/span> Biscoto<br \/>\n\t<span style=\"font-size:10px; font-style:none; font-weight:bold;\">Impression<\/span> Offset&nbsp;: CMJN<br \/>\n\t<span style=\"font-size:10px; font-style:none; font-weight:bold;\">Format<\/span> 27&#215;35,5&nbsp;cm<br \/>\n\t<span style=\"font-size:10px; font-style:none; font-weight:bold;\">Pagination<\/span> 20&nbsp;pages\n<\/div>\n<div class=\"articleprincipal\" style=\"margin-top:0px;padding-bottom:20px;\">\nPoster r\u00e9alis\u00e9 pour le journal Biscoto num\u00e9ro 75&#8230;<br \/>\n&#8230;les Fant\u00f4mes !<br \/>\nMerci Catherine et Julie Staebler&nbsp;!<\/p>\n<p><span style=\"font-weight:bold;\">Un petit r\u00e9sum\u00e9\u00a0:<\/span><br \/>\n\u2013 Dis Julie, tu crois aux fant\u00f4mes&nbsp;?<br \/>\n\u2013 Non pas vraiment. Pourquoi tu me poses cette question&nbsp;?<br \/>\n\u2013 Eh bien je me rappelais la fois o\u00f9 on avait appel\u00e9 les esprits, tu te rappelles&nbsp;?<br \/>\n\u2013 Pfiou, oui\u2009! On s\u2019\u00e9tait install\u00e9es au milieu du jardin sous ce ch\u00eane un peu tordu. Cet \u00e9t\u00e9-l\u00e0, il faisait encore chaud en pleine nuit. La lune nous \u00e9clairait juste assez pour qu\u2019on distingue les mouvements du verre sur le plateau de Ouija\u2026 Brrr\u2009! J\u2019ai encore des sueurs froides quand j\u2019y repense\u2026<br \/>\n\u2013 Mais tu viens de dire que tu n\u2019y crois pas\u2009! Comment est-ce que \u00e7a peut te faire encore peur&nbsp;?<br \/>\n\u2013 Je crois qu\u2019\u00e0 ce moment-l\u00e0, on y a malgr\u00e9 tout cru un peu. Ce souvenir est tellement puissant que d\u2019y repenser me donne encore des frissons.<br \/>\n\u2013 C\u2019est vrai qu\u2019on savait tr\u00e8s bien que ce qui fait bouger le verre, c\u2019est le gaz de la bougie \u00e9teinte qui tente de s\u2019en \u00e9chapper. Et pourtant, quelle frousse\u2009! Je me rappelle avoir bondi en hurlant vers la maison\u2009!<br \/>\n\u2013 Haha oui, ce bond \u00e9tait vraiment surnaturel, \u00e7a c\u2019est s\u00fbr!<\/p>\n<p>En tout cas, en lisant ce Biscoto sp\u00e9cial fant\u00f4mes, on esp\u00e8re que tu vas bondir\u2026 de rire&nbsp;!<\/p>\n<p><a href=\"https:\/\/biscotojournal.com\/article\/n75-%e2%80%a2-les-fantomes\/\" target=\"_blanck\" rel=\"noopener noreferrer\">Pour commander ce num\u00e9ro du journal sur le site de&nbsp;Biscoto c&rsquo;est par ici<\/a><\/p>\n<\/div>\n","protected":false},"excerpt":{"rendered":"<p>Parution octobre&nbsp;2019 Journal Biscoto Impression Offset&nbsp;: CMJN Format 27&#215;35,5&nbsp;cm Pagination 20&nbsp;pages Poster r\u00e9alis\u00e9 pour le journal Biscoto num\u00e9ro 75&#8230; &#8230;les Fant\u00f4mes ! Merci Catherine et Julie Staebler&nbsp;! Un petit r\u00e9sum\u00e9\u00a0: \u2013 Dis Julie, tu crois aux fant\u00f4mes&nbsp;? \u2013 Non pas vraiment. Pourquoi tu me poses cette question&nbsp;? \u2013 Eh bien je me rappelais la fois o\u00f9 on avait appel\u00e9 les esprits, tu te rappelles&nbsp;? \u2013 Pfiou, oui\u2009! On s\u2019\u00e9tait install\u00e9es au milieu du jardin sous ce ch\u00eane un peu tordu. Cet \u00e9t\u00e9-l\u00e0, il faisait encore chaud en pleine nuit. La lune nous \u00e9clairait juste assez pour qu\u2019on distingue les mouvements du verre sur le plateau de Ouija\u2026 Brrr\u2009! J\u2019ai encore des sueurs froides quand j\u2019y repense\u2026 \u2013 Mais tu viens de dire que tu n\u2019y crois pas\u2009! Comment est-ce que \u00e7a peut te faire encore peur&nbsp;? \u2013 Je crois qu\u2019\u00e0 ce moment-l\u00e0, on y a malgr\u00e9 tout cru un peu. Ce souvenir est tellement puissant que d\u2019y repenser me donne encore des frissons. \u2013 C\u2019est vrai qu\u2019on savait tr\u00e8s bien que ce qui fait bouger le verre, c\u2019est le gaz de la bougie \u00e9teinte qui tente de s\u2019en \u00e9chapper. Et pourtant, quelle frousse\u2009! Je me rappelle avoir bondi en hurlant [&hellip;]<\/p>\n","protected":false},"author":1,"featured_media":838,"comment_status":"closed","ping_status":"closed","sticky":false,"template":"","format":"standard","meta":[],"categories":[6],"tags":[],"_links":{"self":[{"href":"http:\/\/adeleverlinden.fr\/index.php\/wp-json\/wp\/v2\/posts\/837"}],"collection":[{"href":"http:\/\/adeleverlinden.fr\/index.php\/wp-json\/wp\/v2\/posts"}],"about":[{"href":"http:\/\/adeleverlinden.fr\/index.php\/wp-json\/wp\/v2\/types\/post"}],"author":[{"embeddable":true,"href":"http:\/\/adeleverlinden.fr\/index.php\/wp-json\/wp\/v2\/users\/1"}],"replies":[{"embeddable":true,"href":"http:\/\/adeleverlinden.fr\/index.php\/wp-json\/wp\/v2\/comments?post=837"}],"version-history":[{"count":16,"href":"http:\/\/adeleverlinden.fr\/index.php\/wp-json\/wp\/v2\/posts\/837\/revisions"}],"predecessor-version":[{"id":1261,"href":"http:\/\/adeleverlinden.fr\/index.php\/wp-json\/wp\/v2\/posts\/837\/revisions\/1261"}],"wp:featuredmedia":[{"embeddable":true,"href":"http:\/\/adeleverlinden.fr\/index.php\/wp-json\/wp\/v2\/media\/838"}],"wp:attachment":[{"href":"http:\/\/adeleverlinden.fr\/index.php\/wp-json\/wp\/v2\/media?parent=837"}],"wp:term":[{"taxonomy":"category","embeddable":true,"href":"http:\/\/adeleverlinden.fr\/index.php\/wp-json\/wp\/v2\/categories?post=837"},{"taxonomy":"post_tag","embeddable":true,"href":"http:\/\/adeleverlinden.fr\/index.php\/wp-json\/wp\/v2\/tags?post=837"}],"curies":[{"name":"wp","href":"https:\/\/api.w.org\/{rel}","templated":true}]}}