{"id":824,"date":"2021-03-18T15:42:03","date_gmt":"2021-03-18T14:42:03","guid":{"rendered":"http:\/\/adeleverlinden.fr\/?p=824"},"modified":"2021-07-07T11:13:21","modified_gmt":"2021-07-07T09:13:21","slug":"polly-et-les-trois-chiens","status":"publish","type":"post","link":"http:\/\/adeleverlinden.fr\/index.php\/2021\/03\/18\/polly-et-les-trois-chiens\/","title":{"rendered":"Polly et les trois chiens"},"content":{"rendered":"<div class=\"petitesinfos\">\n<span style=\"font-size:10px; font-style:none; font-weight:bold;\">Parution<\/span> mars&nbsp;2021<br \/>\n<span style=\"font-size:10px; font-style:none; font-weight:bold;\">\u00c9ditions<\/span> Les Fourmis Rouges<br \/>\n<span style=\"font-size:10px; font-style:none; font-weight:bold;\">Impression<\/span> Offset&nbsp;: CMJN<br \/>\n<span style=\"font-size:10px; font-style:none; font-weight:bold;\">Format<\/span> 24&#215;32&nbsp;cm<br \/>\n<span style=\"font-size:10px; font-style:none; font-weight:bold;\">Pagination<\/span> 48&nbsp;pages\n<\/div>\n<div class=\"articleprincipal\" style=\"margin-top:0px;padding-bottom:20px;\">\nAu pays de Canidies, r\u00e8gne la princesse Polly toujours accompagn\u00e9e de son fid\u00e8le corgi, Wa\u00efkiki ! Hommes et canid\u00e9s vivent en parfaite harmonie jusqu\u2019au jour o\u00f9 ces derniers disparaissent myst\u00e9rieusement.<\/p>\n<p>Polly, t\u00e9m\u00e9raire, part alors \u00e0 leur recherche \u00e0 travers les Bois-Maudits-du-Bout-de-la-Nuit. Elle y rencontre une monstresse terrifiante, Salmonella, friande de viande de chien, qui retient prisonniers les malheureux animaux. La sorci\u00e8re est pr\u00eate \u00e0 les \u00e9pargner mais seulement en \u00e9change d\u2019un briquet magique, gard\u00e9 par trois chiens g\u00e9ants\u2026<\/p>\n<p>Adapt\u00e9 tr\u00e8s (tr\u00e8s) librement du conte d\u2019Andersen,\u00a0<em>Le briquet<\/em>,\u00a0<em>Polly et les trois chiens<\/em>\u00a0est une d\u00e9claration d\u2019amour d\u2019Ad\u00e8le Verlinden aux canid\u00e9s, qu\u2019elle adore dessiner, et particuli\u00e8rement aux corgis, chiens pr\u00e9f\u00e9r\u00e9s des t\u00eates couronn\u00e9es !<\/p>\n<p><a href=\"http:\/\/www.editionslesfourmisrouges.com\/produit\/polly-et-les-trois-chiens\/\" target=\"_blanck\" rel=\"noopener noreferrer\">Retrouvez Polly, Wa\u00efkiki et les trois chiens sur le site des Fourmis Rouges<\/a><\/p>\n<p><a href=\"https:\/\/grandslivrespourpetitespersonnes.fr\/2021\/04\/14\/25-polly-et-les-trois-chiens-adele-verlinden\/\" rel=\"noopener noreferrer\" target=\"_blank\">La chronique d&rsquo;Elsa Gounot pour le podcast <em>\u00c9coute ! Il y a un \u00e9l\u00e9phant dans le jardin<\/em>&#8230; Merci \u00e0 elle !<\/a><\/p>\n<p><a href=\"https:\/\/www.avoir-alire.com\/polly-et-les-trois-chiens-adele-verlinden-chronique-de-l-album-jeunesse\" rel=\"noopener noreferrer\" target=\"_blank\">La chronique de Jean-Charles Andrieu de Levis sur le site <em>\u00c0 voir \u00e0 lire<\/em>&#8230; Merci \u00e0 lui !<\/a><\/p>\n<\/div>\n","protected":false},"excerpt":{"rendered":"<p>Parution mars&nbsp;2021 \u00c9ditions Les Fourmis Rouges Impression Offset&nbsp;: CMJN Format 24&#215;32&nbsp;cm Pagination 48&nbsp;pages Au pays de Canidies, r\u00e8gne la princesse Polly toujours accompagn\u00e9e de son fid\u00e8le corgi, Wa\u00efkiki ! Hommes et canid\u00e9s vivent en parfaite harmonie jusqu\u2019au jour o\u00f9 ces derniers disparaissent myst\u00e9rieusement. Polly, t\u00e9m\u00e9raire, part alors \u00e0 leur recherche \u00e0 travers les Bois-Maudits-du-Bout-de-la-Nuit. Elle y rencontre une monstresse terrifiante, Salmonella, friande de viande de chien, qui retient prisonniers les malheureux animaux. La sorci\u00e8re est pr\u00eate \u00e0 les \u00e9pargner mais seulement en \u00e9change d\u2019un briquet magique, gard\u00e9 par trois chiens g\u00e9ants\u2026 Adapt\u00e9 tr\u00e8s (tr\u00e8s) librement du conte d\u2019Andersen,\u00a0Le briquet,\u00a0Polly et les trois chiens\u00a0est une d\u00e9claration d\u2019amour d\u2019Ad\u00e8le Verlinden aux canid\u00e9s, qu\u2019elle adore dessiner, et particuli\u00e8rement aux corgis, chiens pr\u00e9f\u00e9r\u00e9s des t\u00eates couronn\u00e9es ! Retrouvez Polly, Wa\u00efkiki et les trois chiens sur le site des Fourmis Rouges La chronique d&rsquo;Elsa Gounot pour le podcast \u00c9coute ! Il y a un \u00e9l\u00e9phant dans le jardin&#8230; Merci \u00e0 elle ! La chronique de Jean-Charles Andrieu de Levis sur le site \u00c0 voir \u00e0 lire&#8230; Merci \u00e0 lui !<\/p>\n","protected":false},"author":1,"featured_media":825,"comment_status":"closed","ping_status":"closed","sticky":false,"template":"","format":"standard","meta":[],"categories":[4],"tags":[],"_links":{"self":[{"href":"http:\/\/adeleverlinden.fr\/index.php\/wp-json\/wp\/v2\/posts\/824"}],"collection":[{"href":"http:\/\/adeleverlinden.fr\/index.php\/wp-json\/wp\/v2\/posts"}],"about":[{"href":"http:\/\/adeleverlinden.fr\/index.php\/wp-json\/wp\/v2\/types\/post"}],"author":[{"embeddable":true,"href":"http:\/\/adeleverlinden.fr\/index.php\/wp-json\/wp\/v2\/users\/1"}],"replies":[{"embeddable":true,"href":"http:\/\/adeleverlinden.fr\/index.php\/wp-json\/wp\/v2\/comments?post=824"}],"version-history":[{"count":8,"href":"http:\/\/adeleverlinden.fr\/index.php\/wp-json\/wp\/v2\/posts\/824\/revisions"}],"predecessor-version":[{"id":1123,"href":"http:\/\/adeleverlinden.fr\/index.php\/wp-json\/wp\/v2\/posts\/824\/revisions\/1123"}],"wp:featuredmedia":[{"embeddable":true,"href":"http:\/\/adeleverlinden.fr\/index.php\/wp-json\/wp\/v2\/media\/825"}],"wp:attachment":[{"href":"http:\/\/adeleverlinden.fr\/index.php\/wp-json\/wp\/v2\/media?parent=824"}],"wp:term":[{"taxonomy":"category","embeddable":true,"href":"http:\/\/adeleverlinden.fr\/index.php\/wp-json\/wp\/v2\/categories?post=824"},{"taxonomy":"post_tag","embeddable":true,"href":"http:\/\/adeleverlinden.fr\/index.php\/wp-json\/wp\/v2\/tags?post=824"}],"curies":[{"name":"wp","href":"https:\/\/api.w.org\/{rel}","templated":true}]}}