{"id":1532,"date":"2021-11-27T14:58:43","date_gmt":"2021-11-27T13:58:43","guid":{"rendered":"http:\/\/adeleverlinden.fr\/?p=1532"},"modified":"2025-11-27T15:05:39","modified_gmt":"2025-11-27T14:05:39","slug":"mon-animal-fantastique","status":"publish","type":"post","link":"http:\/\/adeleverlinden.fr\/index.php\/2021\/11\/27\/mon-animal-fantastique\/","title":{"rendered":"Mon animal fantastique"},"content":{"rendered":"<div class=\"petitesinfos\">\n<span style=\"font-size:10px; font-style:none; font-weight:bold;\">Atelier<\/span> Mon animal fantastique<br \/>\n<span style=\"font-size:10px; font-style:none; font-weight:bold;\">\u00c0 partir du livre<\/span> Polly et les trois chiens<br \/>\n<span style=\"font-size:10px; font-style:none; font-weight:bold;\">Mat\u00e9riel<\/span> Papier, feutres et crayons de couleurs, option paillettes recommand\u00e9e !<br \/>\n<span style=\"font-size:10px; font-style:none; font-weight:bold;\">Public<\/span> de 5 \u00e0 10 ans\n<\/div>\n<div class=\"articleprincipal\" style=\"margin-top:0px;padding-bottom:20px;\">\n<p>\u00c0 l&rsquo;occasion de la sortie de mes livres et de rencontres sur les salons, je propose des ateliers (pour les enfants, mais pas seulement !). C&rsquo;est l&rsquo;occasion de lire l&rsquo;album ensemble, d&rsquo;en discuter, de parler de mon m\u00e9tier et de se frotter au dessin d&rsquo;imagination !<\/p>\n<p><strong>DANS MA MAISON<br \/>\nSOUS TERRE<\/strong><\/p>\n<p>Apr\u00e8s la lecture de l&rsquo;album Polly et les trois chiens, les enfants sont invit\u00e9s \u00e0 choisir un animal de la vie de tous les jours et \u00e0 le transformer en animal fantastique. Est-il immense ? A-t-il des pouvoirs magiques ? Une couleur improbable ? Un nom de super h\u00e9ros ? Des accessoires surprenants ? Un atelier avec des crayons de couleur, des feutres et des paillettes.<\/p>\n<\/div>\n","protected":false},"excerpt":{"rendered":"<p>Atelier Mon animal fantastique \u00c0 partir du livre Polly et les trois chiens Mat\u00e9riel Papier, feutres et crayons de couleurs, option paillettes recommand\u00e9e ! Public de 5 \u00e0 10 ans \u00c0 l&rsquo;occasion de la sortie de mes livres et de rencontres sur les salons, je propose des ateliers (pour les enfants, mais pas seulement !). C&rsquo;est l&rsquo;occasion de lire l&rsquo;album ensemble, d&rsquo;en discuter, de parler de mon m\u00e9tier et de se frotter au dessin d&rsquo;imagination ! DANS MA MAISON SOUS TERRE Apr\u00e8s la lecture de l&rsquo;album Polly et les trois chiens, les enfants sont invit\u00e9s \u00e0 choisir un animal de la vie de tous les jours et \u00e0 le transformer en animal fantastique. Est-il immense ? A-t-il des pouvoirs magiques ? Une couleur improbable ? Un nom de super h\u00e9ros ? Des accessoires surprenants ? Un atelier avec des crayons de couleur, des feutres et des paillettes.<\/p>\n","protected":false},"author":1,"featured_media":1533,"comment_status":"closed","ping_status":"closed","sticky":false,"template":"","format":"standard","meta":[],"categories":[16,9],"tags":[],"_links":{"self":[{"href":"http:\/\/adeleverlinden.fr\/index.php\/wp-json\/wp\/v2\/posts\/1532"}],"collection":[{"href":"http:\/\/adeleverlinden.fr\/index.php\/wp-json\/wp\/v2\/posts"}],"about":[{"href":"http:\/\/adeleverlinden.fr\/index.php\/wp-json\/wp\/v2\/types\/post"}],"author":[{"embeddable":true,"href":"http:\/\/adeleverlinden.fr\/index.php\/wp-json\/wp\/v2\/users\/1"}],"replies":[{"embeddable":true,"href":"http:\/\/adeleverlinden.fr\/index.php\/wp-json\/wp\/v2\/comments?post=1532"}],"version-history":[{"count":1,"href":"http:\/\/adeleverlinden.fr\/index.php\/wp-json\/wp\/v2\/posts\/1532\/revisions"}],"predecessor-version":[{"id":1545,"href":"http:\/\/adeleverlinden.fr\/index.php\/wp-json\/wp\/v2\/posts\/1532\/revisions\/1545"}],"wp:featuredmedia":[{"embeddable":true,"href":"http:\/\/adeleverlinden.fr\/index.php\/wp-json\/wp\/v2\/media\/1533"}],"wp:attachment":[{"href":"http:\/\/adeleverlinden.fr\/index.php\/wp-json\/wp\/v2\/media?parent=1532"}],"wp:term":[{"taxonomy":"category","embeddable":true,"href":"http:\/\/adeleverlinden.fr\/index.php\/wp-json\/wp\/v2\/categories?post=1532"},{"taxonomy":"post_tag","embeddable":true,"href":"http:\/\/adeleverlinden.fr\/index.php\/wp-json\/wp\/v2\/tags?post=1532"}],"curies":[{"name":"wp","href":"https:\/\/api.w.org\/{rel}","templated":true}]}}