{"id":1528,"date":"2025-11-20T14:25:03","date_gmt":"2025-11-20T13:25:03","guid":{"rendered":"http:\/\/adeleverlinden.fr\/?p=1528"},"modified":"2025-11-21T14:38:07","modified_gmt":"2025-11-21T13:38:07","slug":"journee-internationale-des-droits-de-lenfant-secours-populaire","status":"publish","type":"post","link":"http:\/\/adeleverlinden.fr\/index.php\/2025\/11\/20\/journee-internationale-des-droits-de-lenfant-secours-populaire\/","title":{"rendered":"Journ\u00e9e internationale des droits de l&rsquo;enfant &#8211; Secours Populaire"},"content":{"rendered":"<div class=\"petitesinfos\">\n\t<span style=\"font-size:10px; font-style:none; font-weight:bold;\">Pour<\/span> le Secours populaire fran\u00e7ais<br \/>\n\t<span style=\"font-size:10px; font-style:none; font-weight:bold;\">Journ\u00e9e internationale<\/span> des droits de l&rsquo;enfant<br \/>\n<span style=\"font-size:10px; font-style:none; font-weight:bold;\">\u00c9dition <\/span> 2025<\/p>\n<\/div>\n<div class=\"articleprincipal\" style=\"margin-top:0px;padding-bottom:20px;\">\n<p>Cette affiche a \u00e9t\u00e9 r\u00e9alis\u00e9e \u00e0 l&rsquo;occasion de la journ\u00e9e internationale des droits de l&rsquo;enfant du 20 novembre 2025. Merci \u00e0 l&rsquo;\u00e9quipe du <a href=\"https:\/\/www.secourspopulaire.fr\/\" rel=\"noopener\" target=\"_blank\">Secours populaire fran\u00e7ais<\/a> pour leur confiance et pour leur travail qui fait du bien aux humains.\n<\/div>\n","protected":false},"excerpt":{"rendered":"<p>Pour le Secours populaire fran\u00e7ais Journ\u00e9e internationale des droits de l&rsquo;enfant \u00c9dition 2025 Cette affiche a \u00e9t\u00e9 r\u00e9alis\u00e9e \u00e0 l&rsquo;occasion de la journ\u00e9e internationale des droits de l&rsquo;enfant du 20 novembre 2025. Merci \u00e0 l&rsquo;\u00e9quipe du Secours populaire fran\u00e7ais pour leur confiance et pour leur travail qui fait du bien aux humains.<\/p>\n","protected":false},"author":1,"featured_media":1530,"comment_status":"closed","ping_status":"closed","sticky":false,"template":"","format":"standard","meta":[],"categories":[14,9],"tags":[],"_links":{"self":[{"href":"http:\/\/adeleverlinden.fr\/index.php\/wp-json\/wp\/v2\/posts\/1528"}],"collection":[{"href":"http:\/\/adeleverlinden.fr\/index.php\/wp-json\/wp\/v2\/posts"}],"about":[{"href":"http:\/\/adeleverlinden.fr\/index.php\/wp-json\/wp\/v2\/types\/post"}],"author":[{"embeddable":true,"href":"http:\/\/adeleverlinden.fr\/index.php\/wp-json\/wp\/v2\/users\/1"}],"replies":[{"embeddable":true,"href":"http:\/\/adeleverlinden.fr\/index.php\/wp-json\/wp\/v2\/comments?post=1528"}],"version-history":[{"count":1,"href":"http:\/\/adeleverlinden.fr\/index.php\/wp-json\/wp\/v2\/posts\/1528\/revisions"}],"predecessor-version":[{"id":1529,"href":"http:\/\/adeleverlinden.fr\/index.php\/wp-json\/wp\/v2\/posts\/1528\/revisions\/1529"}],"wp:featuredmedia":[{"embeddable":true,"href":"http:\/\/adeleverlinden.fr\/index.php\/wp-json\/wp\/v2\/media\/1530"}],"wp:attachment":[{"href":"http:\/\/adeleverlinden.fr\/index.php\/wp-json\/wp\/v2\/media?parent=1528"}],"wp:term":[{"taxonomy":"category","embeddable":true,"href":"http:\/\/adeleverlinden.fr\/index.php\/wp-json\/wp\/v2\/categories?post=1528"},{"taxonomy":"post_tag","embeddable":true,"href":"http:\/\/adeleverlinden.fr\/index.php\/wp-json\/wp\/v2\/tags?post=1528"}],"curies":[{"name":"wp","href":"https:\/\/api.w.org\/{rel}","templated":true}]}}