{"id":1410,"date":"2024-09-11T15:24:06","date_gmt":"2024-09-11T13:24:06","guid":{"rendered":"http:\/\/adeleverlinden.fr\/?p=1410"},"modified":"2025-02-20T13:11:01","modified_gmt":"2025-02-20T12:11:01","slug":"mojo-cherche-une-cachette","status":"publish","type":"post","link":"http:\/\/adeleverlinden.fr\/index.php\/2024\/09\/11\/mojo-cherche-une-cachette\/","title":{"rendered":"Mojo cherche une cachette"},"content":{"rendered":"<div class=\"petitesinfos\">\n<span style=\"font-size:10px; font-style:none; font-weight:bold;\">Parution<\/span> septembre&nbsp;2024<br \/>\n<span style=\"font-size:10px; font-style:none; font-weight:bold;\">\u00c9ditions<\/span> Les Fourmis Rouges<br \/>\n<span style=\"font-size:10px; font-style:none; font-weight:bold;\">Impression<\/span> Offset&nbsp;: CMJN<br \/>\n<span style=\"font-size:10px; font-style:none; font-weight:bold;\">Format<\/span> 24&#215;32&nbsp;cm<br \/>\n<span style=\"font-size:10px; font-style:none; font-weight:bold;\">Pagination<\/span> 28&nbsp;pages\n<\/div>\n<div class=\"articleprincipal\" style=\"margin-top:0px;padding-bottom:20px;\">\nDix heures, heure de la sieste.<br \/>\nDu jardin \u00e0 la maison,<br \/>\nMojo cherche une cachette,<br \/>\nun joli nid douillet<br \/>\n\u00e0 l&rsquo;abri des regards.<\/p>\n<p>Mais ce n&rsquo;est pas si facile.<\/p>\n<p><a href=\"https:\/\/editionslesfourmisrouges.com\/produit\/mojo-cherche-une-cachette\/\" rel=\"noopener\" target=\"_blank\">Retrouvez <em>Mojo cherche une cachette<\/em> sur le site des Fourmis Rouges<\/a><br \/>\n<a href=\"https:\/\/www.placedeslibraires.fr\/livre\/9782369021957-mojo-cherche-une-cachette-adele-verlinden\/\" rel=\"noopener\" target=\"_blank\">ou directement sur Place des Libraires !<\/a><\/p>\n<p>\u00ab\u00a0Mojo est un petit chat. \u00c0 l\u2019heure de la sieste, il se languit<br \/>\nde trouver un coin agr\u00e9able pour son roupillon. Il essaie<br \/>\nle jardin, mais voil\u00e0 qu\u2019une taupe se plaint. Il tente le rebord<br \/>\nde la fen\u00eatre, mais les bruits de la ville lui tambourinent<br \/>\nla t\u00eate. Et si l\u2019endroit sans stress \u00e9tait les bras de sa ma\u00eetresse&nbsp;?<br \/>\nLes dessins hauts en couleur de cet album plein de l\u00e9g\u00e8ret\u00e9<br \/>\nconduiront les enfants, de d\u00e9cors fournis en paysages<br \/>\nchamarr\u00e9s, \u00e0 suivre ce chaton des plus mignons,<br \/>\npour apprendre \u00e0 siester en beaut\u00e9.\u00a0\u00bb<br \/>\nMaxime Gueugneau dans <em>Graou<\/em><\/p>\n<\/div>\n","protected":false},"excerpt":{"rendered":"<p>Parution septembre&nbsp;2024 \u00c9ditions Les Fourmis Rouges Impression Offset&nbsp;: CMJN Format 24&#215;32&nbsp;cm Pagination 28&nbsp;pages Dix heures, heure de la sieste. Du jardin \u00e0 la maison, Mojo cherche une cachette, un joli nid douillet \u00e0 l&rsquo;abri des regards. Mais ce n&rsquo;est pas si facile. Retrouvez Mojo cherche une cachette sur le site des Fourmis Rouges ou directement sur Place des Libraires ! \u00ab\u00a0Mojo est un petit chat. \u00c0 l\u2019heure de la sieste, il se languit de trouver un coin agr\u00e9able pour son roupillon. Il essaie le jardin, mais voil\u00e0 qu\u2019une taupe se plaint. Il tente le rebord de la fen\u00eatre, mais les bruits de la ville lui tambourinent la t\u00eate. Et si l\u2019endroit sans stress \u00e9tait les bras de sa ma\u00eetresse&nbsp;? Les dessins hauts en couleur de cet album plein de l\u00e9g\u00e8ret\u00e9 conduiront les enfants, de d\u00e9cors fournis en paysages chamarr\u00e9s, \u00e0 suivre ce chaton des plus mignons, pour apprendre \u00e0 siester en beaut\u00e9.\u00a0\u00bb Maxime Gueugneau dans Graou<\/p>\n","protected":false},"author":1,"featured_media":1473,"comment_status":"closed","ping_status":"closed","sticky":false,"template":"","format":"standard","meta":[],"categories":[4,9],"tags":[],"_links":{"self":[{"href":"http:\/\/adeleverlinden.fr\/index.php\/wp-json\/wp\/v2\/posts\/1410"}],"collection":[{"href":"http:\/\/adeleverlinden.fr\/index.php\/wp-json\/wp\/v2\/posts"}],"about":[{"href":"http:\/\/adeleverlinden.fr\/index.php\/wp-json\/wp\/v2\/types\/post"}],"author":[{"embeddable":true,"href":"http:\/\/adeleverlinden.fr\/index.php\/wp-json\/wp\/v2\/users\/1"}],"replies":[{"embeddable":true,"href":"http:\/\/adeleverlinden.fr\/index.php\/wp-json\/wp\/v2\/comments?post=1410"}],"version-history":[{"count":9,"href":"http:\/\/adeleverlinden.fr\/index.php\/wp-json\/wp\/v2\/posts\/1410\/revisions"}],"predecessor-version":[{"id":1429,"href":"http:\/\/adeleverlinden.fr\/index.php\/wp-json\/wp\/v2\/posts\/1410\/revisions\/1429"}],"wp:featuredmedia":[{"embeddable":true,"href":"http:\/\/adeleverlinden.fr\/index.php\/wp-json\/wp\/v2\/media\/1473"}],"wp:attachment":[{"href":"http:\/\/adeleverlinden.fr\/index.php\/wp-json\/wp\/v2\/media?parent=1410"}],"wp:term":[{"taxonomy":"category","embeddable":true,"href":"http:\/\/adeleverlinden.fr\/index.php\/wp-json\/wp\/v2\/categories?post=1410"},{"taxonomy":"post_tag","embeddable":true,"href":"http:\/\/adeleverlinden.fr\/index.php\/wp-json\/wp\/v2\/tags?post=1410"}],"curies":[{"name":"wp","href":"https:\/\/api.w.org\/{rel}","templated":true}]}}