{"id":1400,"date":"2023-11-06T18:19:30","date_gmt":"2023-11-06T17:19:30","guid":{"rendered":"http:\/\/adeleverlinden.fr\/?p=1400"},"modified":"2024-08-06T18:28:46","modified_gmt":"2024-08-06T16:28:46","slug":"boom-boom-book","status":"publish","type":"post","link":"http:\/\/adeleverlinden.fr\/index.php\/2023\/11\/06\/boom-boom-book\/","title":{"rendered":"Boom Boom Book"},"content":{"rendered":"<div class=\"petitesinfos\">\n\t<span style=\"font-size:10px; font-style:none; font-weight:bold;\">Pour la librairie<\/span> La R\u00e9guli\u00e8re<br \/>\n\t<span style=\"font-size:10px; font-style:none; font-weight:bold;\">Exposition<\/span> du 15 novembre au 31 d\u00e9cembre 2023<br \/>\n<span style=\"font-size:10px; font-style:none; font-weight:bold;\">Impression <\/span> risographie<br \/>\n\t<span style=\"font-size:10px; font-style:none; font-weight:bold;\">Atelier d&rsquo;impression<\/span> Quintal (Paris)<\/p>\n<\/div>\n<div class=\"articleprincipal\" style=\"margin-top:0px;padding-bottom:20px;\">\n<p>Deux images r\u00e9alis\u00e9es pour une exposition collective en soutien \u00e0 la librairie ind\u00e9pendante La R\u00e9guli\u00e8re, en collaboration avec l&rsquo;atelier d&rsquo;impression Quintal et 17 autres illustrateur.trice.s invit\u00e9.e.s. Chaque personne invit\u00e9e a imagin\u00e9 pour l&rsquo;occasion une illustration qui clame son amour du livre, du papier et de la librairie.<\/p>\n<p>L&rsquo;expo s&rsquo;est tenue du 15 novembre au 31 d\u00e9cembre 2024 \u00e0 Paris.<\/p>\n<p>Les images ici pr\u00e9sentes sont les peintures originales qui ont ensuite \u00e9t\u00e9 transform\u00e9es pour l&rsquo;impression en risographie. Si vous avez les impressions sous les yeux, il est normal que des diff\u00e9rences de teintes apparaissent ! C&rsquo;est \u00e7a aussi, la joie de la riso : )<\/p>\n<\/div>\n","protected":false},"excerpt":{"rendered":"<p>Pour la librairie La R\u00e9guli\u00e8re Exposition du 15 novembre au 31 d\u00e9cembre 2023 Impression risographie Atelier d&rsquo;impression Quintal (Paris) Deux images r\u00e9alis\u00e9es pour une exposition collective en soutien \u00e0 la librairie ind\u00e9pendante La R\u00e9guli\u00e8re, en collaboration avec l&rsquo;atelier d&rsquo;impression Quintal et 17 autres illustrateur.trice.s invit\u00e9.e.s. Chaque personne invit\u00e9e a imagin\u00e9 pour l&rsquo;occasion une illustration qui clame son amour du livre, du papier et de la librairie. L&rsquo;expo s&rsquo;est tenue du 15 novembre au 31 d\u00e9cembre 2024 \u00e0 Paris. Les images ici pr\u00e9sentes sont les peintures originales qui ont ensuite \u00e9t\u00e9 transform\u00e9es pour l&rsquo;impression en risographie. Si vous avez les impressions sous les yeux, il est normal que des diff\u00e9rences de teintes apparaissent ! C&rsquo;est \u00e7a aussi, la joie de la riso : )<\/p>\n","protected":false},"author":1,"featured_media":1401,"comment_status":"closed","ping_status":"closed","sticky":false,"template":"","format":"standard","meta":[],"categories":[14,13,9],"tags":[],"_links":{"self":[{"href":"http:\/\/adeleverlinden.fr\/index.php\/wp-json\/wp\/v2\/posts\/1400"}],"collection":[{"href":"http:\/\/adeleverlinden.fr\/index.php\/wp-json\/wp\/v2\/posts"}],"about":[{"href":"http:\/\/adeleverlinden.fr\/index.php\/wp-json\/wp\/v2\/types\/post"}],"author":[{"embeddable":true,"href":"http:\/\/adeleverlinden.fr\/index.php\/wp-json\/wp\/v2\/users\/1"}],"replies":[{"embeddable":true,"href":"http:\/\/adeleverlinden.fr\/index.php\/wp-json\/wp\/v2\/comments?post=1400"}],"version-history":[{"count":4,"href":"http:\/\/adeleverlinden.fr\/index.php\/wp-json\/wp\/v2\/posts\/1400\/revisions"}],"predecessor-version":[{"id":1407,"href":"http:\/\/adeleverlinden.fr\/index.php\/wp-json\/wp\/v2\/posts\/1400\/revisions\/1407"}],"wp:featuredmedia":[{"embeddable":true,"href":"http:\/\/adeleverlinden.fr\/index.php\/wp-json\/wp\/v2\/media\/1401"}],"wp:attachment":[{"href":"http:\/\/adeleverlinden.fr\/index.php\/wp-json\/wp\/v2\/media?parent=1400"}],"wp:term":[{"taxonomy":"category","embeddable":true,"href":"http:\/\/adeleverlinden.fr\/index.php\/wp-json\/wp\/v2\/categories?post=1400"},{"taxonomy":"post_tag","embeddable":true,"href":"http:\/\/adeleverlinden.fr\/index.php\/wp-json\/wp\/v2\/tags?post=1400"}],"curies":[{"name":"wp","href":"https:\/\/api.w.org\/{rel}","templated":true}]}}