{"id":1232,"date":"2023-04-01T10:35:21","date_gmt":"2023-04-01T08:35:21","guid":{"rendered":"https:\/\/adeleverlinden.fr\/?p=1232"},"modified":"2023-06-07T10:39:14","modified_gmt":"2023-06-07T08:39:14","slug":"biscoto-duo-de-choc","status":"publish","type":"post","link":"http:\/\/adeleverlinden.fr\/index.php\/2023\/04\/01\/biscoto-duo-de-choc\/","title":{"rendered":"Biscoto &#8211; Duo de choc !"},"content":{"rendered":"<div class=\"petitesinfos\">\n\t<span style=\"font-size:10px; font-style:none; font-weight:bold;\">Parution<\/span> avril&nbsp;2023<br \/>\n\t<span style=\"font-size:10px; font-style:none; font-weight:bold;\">Journal<\/span> Biscoto<br \/>\n\t<span style=\"font-size:10px; font-style:none; font-weight:bold;\">Impression<\/span> Offset&nbsp;: CMJN<br \/>\n\t<span style=\"font-size:10px; font-style:none; font-weight:bold;\">Format<\/span> 27&#215;35,5&nbsp;cm<br \/>\n\t<span style=\"font-size:10px; font-style:none; font-weight:bold;\">Pagination<\/span> 20&nbsp;pages\n<\/div>\n<div class=\"articleprincipal\" style=\"margin-top:0px;padding-bottom:20px;\">\nCouverture du journal Biscoto num\u00e9ro 114<br \/>\n\u00ab\u00a0Duo de choc\u00a0\u00bb.<br \/>\nMerci Catherine et Julie Staebler&nbsp;!<\/p>\n<p><span style=\"font-weight:bold;\">Un petit r\u00e9sum\u00e9\u00a0:<\/span><br \/>\n\u2013 Lorsqu\u2019on est choqu\u00e9, c\u2019est plut\u00f4t mauvais, non\u2009?<br \/>\n\u2013 Oui, souvent.<br \/>\n\u2013 Alors je voudrais qu\u2019on m\u2019explique pourquoi un \u00ab\u2009duo de choc\u2009\u00bb c\u2019est positif, dans ce cas\u2009!<br \/>\n\u2013 Tout d\u2019abord, je pense qu\u2019il ne faut pas s\u2019agacer pour si peu, et ensuite\u2026 Eh bien\u2026 C\u2019est une bonne question\u2009!<br \/>\n\u2013 Un choc, c\u2019est lorsque deux choses arrivent l\u2019une contre l\u2019autre au point de se faire mal, de se casser.<br \/>\n\u2013 Peut-\u00eatre que c\u2019est justement \u00e7a, un duo de choc\u2009: un duo qui choque\u2009?<br \/>\n\u2013 Un duo qui fait du bruit, qui fait trembler\u2009!<br \/>\n\u2013 Un duo qui impressionne, qui ne passe pas inaper\u00e7u\u2009!<br \/>\n\u2013 C\u2019est vrai que si on fon\u00e7ait l\u2019une sur l\u2019autre \u00e0 toute vitesse, m\u00eame pour se faire un c\u00e2lin, \u00e7a ferait un gros choc\u2026<br \/>\n\u2013 Euh, je pense que ce seraient surtout les gens autour qui seraient choqu\u00e9s\u2009!<br \/>\n\u2013 Haha\u2009!<br \/>\n\u2013 Et je pense \u00e0 deux de mes copines\u2009: m\u00eame si elles sont tr\u00e8s fortes en musique car elles s\u2019entra\u00eenent toujours ensemble, je ne peux pas dire qu\u2019elles me font trembler, ni qu\u2019elles me choquent\u2009! Mais tout le monde pense qu\u2019elles forment un duo de choc.<br \/>\n\u2013 C\u2019est peut-\u00eatre qu\u2019il y a plein de mani\u00e8res de faire un duo de choc. \u00catre ins\u00e9parable et s\u2019entraider, faire des choses qui paraissent incroyables et qu\u2019on ne pourrait pas faire en solo\u2026<\/p>\n<p><a href=\"https:\/\/biscotojournal.com\/panier\/?add-to-cart=5992\" target=\"_blanck\" rel=\"noopener noreferrer\">Pour commander ce num\u00e9ro du journal sur le site de&nbsp;Biscoto, c&rsquo;est par ici !<\/a><\/p>\n<\/div>\n","protected":false},"excerpt":{"rendered":"<p>Parution avril&nbsp;2023 Journal Biscoto Impression Offset&nbsp;: CMJN Format 27&#215;35,5&nbsp;cm Pagination 20&nbsp;pages Couverture du journal Biscoto num\u00e9ro 114 \u00ab\u00a0Duo de choc\u00a0\u00bb. Merci Catherine et Julie Staebler&nbsp;! Un petit r\u00e9sum\u00e9\u00a0: \u2013 Lorsqu\u2019on est choqu\u00e9, c\u2019est plut\u00f4t mauvais, non\u2009? \u2013 Oui, souvent. \u2013 Alors je voudrais qu\u2019on m\u2019explique pourquoi un \u00ab\u2009duo de choc\u2009\u00bb c\u2019est positif, dans ce cas\u2009! \u2013 Tout d\u2019abord, je pense qu\u2019il ne faut pas s\u2019agacer pour si peu, et ensuite\u2026 Eh bien\u2026 C\u2019est une bonne question\u2009! \u2013 Un choc, c\u2019est lorsque deux choses arrivent l\u2019une contre l\u2019autre au point de se faire mal, de se casser. \u2013 Peut-\u00eatre que c\u2019est justement \u00e7a, un duo de choc\u2009: un duo qui choque\u2009? \u2013 Un duo qui fait du bruit, qui fait trembler\u2009! \u2013 Un duo qui impressionne, qui ne passe pas inaper\u00e7u\u2009! \u2013 C\u2019est vrai que si on fon\u00e7ait l\u2019une sur l\u2019autre \u00e0 toute vitesse, m\u00eame pour se faire un c\u00e2lin, \u00e7a ferait un gros choc\u2026 \u2013 Euh, je pense que ce seraient surtout les gens autour qui seraient choqu\u00e9s\u2009! \u2013 Haha\u2009! \u2013 Et je pense \u00e0 deux de mes copines\u2009: m\u00eame si elles sont tr\u00e8s fortes en musique car elles s\u2019entra\u00eenent toujours ensemble, je ne peux pas dire qu\u2019elles me font [&hellip;]<\/p>\n","protected":false},"author":1,"featured_media":1233,"comment_status":"closed","ping_status":"closed","sticky":false,"template":"","format":"standard","meta":[],"categories":[6,9],"tags":[],"_links":{"self":[{"href":"http:\/\/adeleverlinden.fr\/index.php\/wp-json\/wp\/v2\/posts\/1232"}],"collection":[{"href":"http:\/\/adeleverlinden.fr\/index.php\/wp-json\/wp\/v2\/posts"}],"about":[{"href":"http:\/\/adeleverlinden.fr\/index.php\/wp-json\/wp\/v2\/types\/post"}],"author":[{"embeddable":true,"href":"http:\/\/adeleverlinden.fr\/index.php\/wp-json\/wp\/v2\/users\/1"}],"replies":[{"embeddable":true,"href":"http:\/\/adeleverlinden.fr\/index.php\/wp-json\/wp\/v2\/comments?post=1232"}],"version-history":[{"count":2,"href":"http:\/\/adeleverlinden.fr\/index.php\/wp-json\/wp\/v2\/posts\/1232\/revisions"}],"predecessor-version":[{"id":1238,"href":"http:\/\/adeleverlinden.fr\/index.php\/wp-json\/wp\/v2\/posts\/1232\/revisions\/1238"}],"wp:featuredmedia":[{"embeddable":true,"href":"http:\/\/adeleverlinden.fr\/index.php\/wp-json\/wp\/v2\/media\/1233"}],"wp:attachment":[{"href":"http:\/\/adeleverlinden.fr\/index.php\/wp-json\/wp\/v2\/media?parent=1232"}],"wp:term":[{"taxonomy":"category","embeddable":true,"href":"http:\/\/adeleverlinden.fr\/index.php\/wp-json\/wp\/v2\/categories?post=1232"},{"taxonomy":"post_tag","embeddable":true,"href":"http:\/\/adeleverlinden.fr\/index.php\/wp-json\/wp\/v2\/tags?post=1232"}],"curies":[{"name":"wp","href":"https:\/\/api.w.org\/{rel}","templated":true}]}}