{"id":1181,"date":"2022-05-31T09:44:38","date_gmt":"2022-05-31T07:44:38","guid":{"rendered":"http:\/\/adeleverlinden.fr\/?p=1181"},"modified":"2022-06-08T10:17:39","modified_gmt":"2022-06-08T08:17:39","slug":"kioi-rose-exhibition","status":"publish","type":"post","link":"http:\/\/adeleverlinden.fr\/index.php\/2022\/05\/31\/kioi-rose-exhibition\/","title":{"rendered":"Kioi Rose Exhibition"},"content":{"rendered":"<div class=\"petitesinfos\">\n<span style=\"font-size:10px; font-style:none; font-weight:bold;\">Exposition<\/span> du 9 au 31 mai<br \/>\n<span style=\"font-size:10px; font-style:none; font-weight:bold;\">Ville<\/span> Tokyo<br \/>\n<span style=\"font-size:10px; font-style:none; font-weight:bold;\">Format<\/span> 240*140&nbsp;cm\n<\/div>\n<div class=\"articleprincipal\" style=\"margin-top:0px;padding-bottom:20px;\">\n<p><em>KIOI ROSE EXHIBITION<br \/>\n\u00e0 la Garden Terrace de Tokyo<\/em><\/p>\n<p>Une exposition organis\u00e9e par la Charte des auteurs et illustrateurs et le Bureau kida, sur le th\u00e8me de la rose et en partenariat avec la Garden Terrace de Tokyo pour c\u00e9l\u00e9brer l&rsquo;\u00e9v\u00e9nement de la Rose Week.<\/p>\n<p>Aux c\u00f4t\u00e9s des images de Laurie Agusti, G\u00e9raldine Alibeu, M\u00e9lodie Baschet, Mai-Li Bernard, Romain Bernard, Julien Billaudeau, Sandrine Bonini, Rozenn Br\u00e9card, Annabelle Buxton,Charline Collette, Bastien Contraire, Anne-H\u00e9l\u00e8ne Dubray, Tony Durand, Lo\u00efc Froissart, Am\u00e9lie Fontaine, Caroline Gamon, Jo\u00eblle Jolivet, Micka\u00ebl Jourdan, Charlotte Lemaire, Jean-Fran\u00e7ois Martin, Alice Meteignier, Marie Mirgaine, Fleur Oury, Brice Postma Uzel, Claire Schvartz, Tom Vaillant, Gala Vanson, Sophie Vissi\u00e8re, Julia Wauters, Elis Wilk.<\/p>\n<p>Un grand merci \u00e0 la Charte et au Bureau Kida !\n<\/p><\/div>\n","protected":false},"excerpt":{"rendered":"<p>Exposition du 9 au 31 mai Ville Tokyo Format 240*140&nbsp;cm KIOI ROSE EXHIBITION \u00e0 la Garden Terrace de Tokyo Une exposition organis\u00e9e par la Charte des auteurs et illustrateurs et le Bureau kida, sur le th\u00e8me de la rose et en partenariat avec la Garden Terrace de Tokyo pour c\u00e9l\u00e9brer l&rsquo;\u00e9v\u00e9nement de la Rose Week. Aux c\u00f4t\u00e9s des images de Laurie Agusti, G\u00e9raldine Alibeu, M\u00e9lodie Baschet, Mai-Li Bernard, Romain Bernard, Julien Billaudeau, Sandrine Bonini, Rozenn Br\u00e9card, Annabelle Buxton,Charline Collette, Bastien Contraire, Anne-H\u00e9l\u00e8ne Dubray, Tony Durand, Lo\u00efc Froissart, Am\u00e9lie Fontaine, Caroline Gamon, Jo\u00eblle Jolivet, Micka\u00ebl Jourdan, Charlotte Lemaire, Jean-Fran\u00e7ois Martin, Alice Meteignier, Marie Mirgaine, Fleur Oury, Brice Postma Uzel, Claire Schvartz, Tom Vaillant, Gala Vanson, Sophie Vissi\u00e8re, Julia Wauters, Elis Wilk. Un grand merci \u00e0 la Charte et au Bureau Kida !<\/p>\n","protected":false},"author":1,"featured_media":1204,"comment_status":"closed","ping_status":"closed","sticky":false,"template":"","format":"standard","meta":[],"categories":[14,13,9],"tags":[],"_links":{"self":[{"href":"http:\/\/adeleverlinden.fr\/index.php\/wp-json\/wp\/v2\/posts\/1181"}],"collection":[{"href":"http:\/\/adeleverlinden.fr\/index.php\/wp-json\/wp\/v2\/posts"}],"about":[{"href":"http:\/\/adeleverlinden.fr\/index.php\/wp-json\/wp\/v2\/types\/post"}],"author":[{"embeddable":true,"href":"http:\/\/adeleverlinden.fr\/index.php\/wp-json\/wp\/v2\/users\/1"}],"replies":[{"embeddable":true,"href":"http:\/\/adeleverlinden.fr\/index.php\/wp-json\/wp\/v2\/comments?post=1181"}],"version-history":[{"count":7,"href":"http:\/\/adeleverlinden.fr\/index.php\/wp-json\/wp\/v2\/posts\/1181\/revisions"}],"predecessor-version":[{"id":1189,"href":"http:\/\/adeleverlinden.fr\/index.php\/wp-json\/wp\/v2\/posts\/1181\/revisions\/1189"}],"wp:featuredmedia":[{"embeddable":true,"href":"http:\/\/adeleverlinden.fr\/index.php\/wp-json\/wp\/v2\/media\/1204"}],"wp:attachment":[{"href":"http:\/\/adeleverlinden.fr\/index.php\/wp-json\/wp\/v2\/media?parent=1181"}],"wp:term":[{"taxonomy":"category","embeddable":true,"href":"http:\/\/adeleverlinden.fr\/index.php\/wp-json\/wp\/v2\/categories?post=1181"},{"taxonomy":"post_tag","embeddable":true,"href":"http:\/\/adeleverlinden.fr\/index.php\/wp-json\/wp\/v2\/tags?post=1181"}],"curies":[{"name":"wp","href":"https:\/\/api.w.org\/{rel}","templated":true}]}}