{"id":1039,"date":"2020-02-19T10:39:15","date_gmt":"2020-02-19T09:39:15","guid":{"rendered":"http:\/\/adeleverlinden.fr\/?p=1039"},"modified":"2021-03-19T10:58:01","modified_gmt":"2021-03-19T09:58:01","slug":"dessins-feutres","status":"publish","type":"post","link":"http:\/\/adeleverlinden.fr\/index.php\/2020\/02\/19\/dessins-feutres\/","title":{"rendered":"Dessins feutr\u00e9s"},"content":{"rendered":"<div class=\"petitesinfos\">\n<span style=\"font-size:10px; font-style:none; font-weight:bold;\">Date<\/span> 2019 &#8211;<br \/>\n<span style=\"font-size:10px; font-style:none; font-weight:bold;\">Technique<\/span> Feutres crayola<br \/>\n<span style=\"font-size:10px; font-style:none; font-weight:bold;\">S\u00e9rie<\/span> en cours<br \/>\n<span style=\"font-size:10px; font-style:none; font-weight:bold;\">Format<\/span> carnet de croquis\n<\/div>\n<div class=\"articleprincipal\" style=\"margin-top:0px;padding-bottom:20px;\">\nS\u00e9rie de dessins au feutre sur carnets Moleskine initi\u00e9e en 2019 et poursuivie au gr\u00e9 de mes jours libres et de mes voyages en train.\n<\/div>\n","protected":false},"excerpt":{"rendered":"<p>Date 2019 &#8211; Technique Feutres crayola S\u00e9rie en cours Format carnet de croquis S\u00e9rie de dessins au feutre sur carnets Moleskine initi\u00e9e en 2019 et poursuivie au gr\u00e9 de mes jours libres et de mes voyages en train.<\/p>\n","protected":false},"author":1,"featured_media":1040,"comment_status":"closed","ping_status":"closed","sticky":false,"template":"","format":"standard","meta":[],"categories":[13],"tags":[],"_links":{"self":[{"href":"http:\/\/adeleverlinden.fr\/index.php\/wp-json\/wp\/v2\/posts\/1039"}],"collection":[{"href":"http:\/\/adeleverlinden.fr\/index.php\/wp-json\/wp\/v2\/posts"}],"about":[{"href":"http:\/\/adeleverlinden.fr\/index.php\/wp-json\/wp\/v2\/types\/post"}],"author":[{"embeddable":true,"href":"http:\/\/adeleverlinden.fr\/index.php\/wp-json\/wp\/v2\/users\/1"}],"replies":[{"embeddable":true,"href":"http:\/\/adeleverlinden.fr\/index.php\/wp-json\/wp\/v2\/comments?post=1039"}],"version-history":[{"count":1,"href":"http:\/\/adeleverlinden.fr\/index.php\/wp-json\/wp\/v2\/posts\/1039\/revisions"}],"predecessor-version":[{"id":1041,"href":"http:\/\/adeleverlinden.fr\/index.php\/wp-json\/wp\/v2\/posts\/1039\/revisions\/1041"}],"wp:featuredmedia":[{"embeddable":true,"href":"http:\/\/adeleverlinden.fr\/index.php\/wp-json\/wp\/v2\/media\/1040"}],"wp:attachment":[{"href":"http:\/\/adeleverlinden.fr\/index.php\/wp-json\/wp\/v2\/media?parent=1039"}],"wp:term":[{"taxonomy":"category","embeddable":true,"href":"http:\/\/adeleverlinden.fr\/index.php\/wp-json\/wp\/v2\/categories?post=1039"},{"taxonomy":"post_tag","embeddable":true,"href":"http:\/\/adeleverlinden.fr\/index.php\/wp-json\/wp\/v2\/tags?post=1039"}],"curies":[{"name":"wp","href":"https:\/\/api.w.org\/{rel}","templated":true}]}}